
{"id":4514,"date":"2025-12-04T16:23:05","date_gmt":"2025-12-04T16:23:05","guid":{"rendered":"https:\/\/testweb.previntegral.com\/?p=4514"},"modified":"2025-12-11T10:17:52","modified_gmt":"2025-12-11T10:17:52","slug":"els-beneficis-de-la-formacio-bonificada-per-al-desenvolupament-del-teu-equip","status":"publish","type":"post","link":"https:\/\/testweb.previntegral.com\/es\/els-beneficis-de-la-formacio-bonificada-per-al-desenvolupament-del-teu-equip\/","title":{"rendered":"Las ventajas de la formaci\u00f3n subvencionada para el desarrollo de tu equipo"},"content":{"rendered":"<div class=\"elementor-widget-container\">\n<p>&nbsp;<\/p>\n<p style=\"text-align: justify; font-size: 20px;\">La formaci\u00f3 bonificada \u00e9s una eina estrat\u00e8gica fonamental per a qualsevol empresa que cerqui millorar les compet\u00e8ncies del seu equip sense comprometre el seu pressupost.<\/p>\n<p style=\"text-align: justify; font-size: 20px;\">A trav\u00e9s d\u2019aquests ajuts a la formaci\u00f3, que proporciona, principalment, la Fundaci\u00f3 Estatal per a la Formaci\u00f3 en l\u2019Ocupaci\u00f3 (FUNDAE), les empreses poden facilitar el creixement professional dels seus empleats i potenciar aix\u00ed la competitivitat i la productivitat del negoci.<\/p>\n<p style=\"text-align: justify; font-size: 20px;\">Tot seguit aprofundirem en els m\u00faltiples beneficis que la formaci\u00f3 bonificada pot oferir per al desenvolupament professional del teu equip.<\/p>\n<p style=\"text-align: justify; font-size: 20px;\">M\u00e9s informaci\u00f3, al nostre <a href=\"https:\/\/formintegral.com\/\" target=\"_blank\" rel=\"noopener\">centre de formaci\u00f3 online<span style=\"text-decoration: none;\">.<\/span><\/a><\/p>\n<p style=\"text-align: justify; font-size: 20px;\"><strong>&nbsp;<\/strong><\/p>\n<p style=\"text-align: justify; font-size: 30px;\"><strong>\u00bfQu\u00e9 es la formaci\u00f3n bonificada?<\/strong><\/p>\n<p style=\"text-align: justify; font-size: 20px;\">La formaci\u00f3 bonificada \u00e9s un sistema d\u2019ajuts que permet a les empreses oferir programes de capacitaci\u00f3 per als empleats de manera subvencionada.<\/p>\n<p style=\"text-align: justify; font-size: 20px;\">A trav\u00e9s d\u2019un cr\u00e8dit anual que s\u2019assigna en funci\u00f3 de la seva mida i cotitzaci\u00f3 a la Seguretat Social, les empreses poden accedir a cursos de formaci\u00f3 amb vista a millorar les compet\u00e8ncies del seu equip, cosa que es tradueix en un avantatge competitiu important.<\/p>\n<p style=\"text-align: justify; font-size: 20px;\">Aquest sistema \u00e9s de f\u00e0cil acc\u00e9s i gesti\u00f3 a trav\u00e9s de la FUNDAE, que permet a les empreses calcular el cr\u00e8dit de formaci\u00f3 disponible i escollir els cursos que s\u2019adaptin m\u00e9s b\u00e9 a les necessitats del seu personal.<\/p>\n<p style=\"text-align: justify; font-size: 20px;\">Aquesta formaci\u00f3 no tan sols \u00e9s una inversi\u00f3 en l\u2019equip, sin\u00f3 tamb\u00e9 una manera de reduir el cost de la capacitaci\u00f3, ja que el cr\u00e8dit pot cobrir totalment o parcialment els costos dels cursos.<\/p>\n<p style=\"text-align: justify; font-size: 20px;\"><strong>&nbsp;<\/strong><\/p>\n<p style=\"text-align: justify; font-size: 30px;\"><strong>Beneficis de la formaci\u00f3 bonificada per a l\u2019empresa<\/strong><\/p>\n<p style=\"text-align: justify; font-size: 30px;\"><span style=\"color: #444543;\"><strong style=\"font-size: 20px; background-color: transparent; font-family: 'Open Sans', Arial, sans-serif;\">1. Augment de la productivitat<\/strong><\/span><\/p>\n<p style=\"text-align: justify; font-size: 20px;\">La formaci\u00f3 bonificada contribueix a fer que els empleats estiguin m\u00e9s ben preparats per dur a terme les seves tasques amb efic\u00e0cia.<\/p>\n<p style=\"text-align: justify; font-size: 20px;\">En proporcionar formaci\u00f3 en \u00e0rees espec\u00edfiques de desenvolupament, com habilitats t\u00e8cniques, idiomes o compet\u00e8ncies digitals, les empreses aconsegueixen que el seu equip sigui m\u00e9s competent i productiu.<\/p>\n<p style=\"text-align: justify; font-size: 20px;\"><span style=\"color: #000000;\">2. <strong style=\"background-color: transparent; font-family: 'Open Sans', Arial, sans-serif;\">Millora de la competitivitat<\/strong><\/span><\/p>\n<p style=\"text-align: justify; font-size: 20px;\">En disposar d\u2019un equip capacitat i al dia en les \u00faltimes tend\u00e8ncies i t\u00e8cniques del sector, l\u2019empresa guanya un posicionament competitiu.<\/p>\n<p style=\"text-align: justify; font-size: 20px;\">La formaci\u00f3 permet que els empleats s\u2019adaptin a les demandes del mercat i ofereixin serveis o productes millors.<\/p>\n<p style=\"text-align: justify; font-size: 20px;\"><span style=\"color: #444543;\"><strong style=\"background-color: transparent; font-family: 'Open Sans', Arial, sans-serif;\">3. Estalvi en costos de reclutament<\/strong><\/span><\/p>\n<p style=\"text-align: justify; font-size: 20px;\">Invertir en la formaci\u00f3 de l\u2019equip ajuda a retenir el talent i a evitar aix\u00ed els elevats costos associats a la rotaci\u00f3 de personal i al reclutament de nous empleats.<\/p>\n<p style=\"text-align: justify; font-size: 20px;\">Els empleats que reben formaci\u00f3 i desenvolupament professional solen sentir-se m\u00e9s valorats i vinculats a l\u2019empresa, cosa que redueix la taxa d\u2019abandonament.<\/p>\n<p style=\"text-align: justify; font-size: 20px;\"><span style=\"color: #444543;\"><strong style=\"background-color: transparent; font-family: 'Open Sans', Arial, sans-serif;\">4. Adaptaci\u00f3 a canvis normatius i tecnol\u00f2gics<\/strong><\/span><\/p>\n<p style=\"text-align: justify; font-size: 20px;\">En sectors en qu\u00e8 la normativa i la tecnologia avancen r\u00e0pidament, la formaci\u00f3 bonificada permet a les empreses mantenir el seu equip actualitzat sense inc\u00f3rrer en grans despeses.<\/p>\n<p style=\"text-align: justify; font-size: 20px;\">Aix\u00f2 \u00e9s crucial per complir les regulacions i adoptar les noves tecnologies de manera efectiva.<\/p>\n<p style=\"text-align: justify; font-size: 20px;\"><span style=\"color: #444543;\"><strong style=\"background-color: transparent; font-family: 'Open Sans', Arial, sans-serif;\">5. Millora de la cultura empresarial<\/strong><\/span><\/p>\n<p style=\"text-align: justify; font-size: 20px;\">La formaci\u00f3 cont\u00ednua demostra als empleats que l\u2019empresa valora el seu creixement professional i benestar, cosa que fomenta un ambient de treball positiu, en qu\u00e8 els treballadors se senten motivats i assistits en el seu desenvolupament.<\/p>\n<p style=\"text-align: justify; font-size: 20px;\"><strong>&nbsp;<\/strong><\/p>\n<p style=\"text-align: justify; font-size: 30px;\"><strong>Conclusi\u00f3n<\/strong><\/p>\n<p style=\"text-align: justify; font-size: 20px;\">La formaci\u00f3 bonificada \u00e9s molt m\u00e9s que un estalvi de costos en capacitaci\u00f3: \u00e9s una inversi\u00f3 estrat\u00e8gica en el desenvolupament professional del teu equip i en l\u2019\u00e8xit a llarg termini de la teva empresa.<\/p>\n<p style=\"text-align: justify; font-size: 20px;\">En aprofitar aquesta eina, les empreses poden millorar la productivitat, incrementar la competitivitat i fomentar una cultura empresarial positiva, tot plegat mentre desenvolupen un equip de treball competent i comprom\u00e8s.<\/p>\n<p style=\"text-align: justify; font-size: 20px;\">Apostar per la formaci\u00f3 bonificada \u00e9s apostar pel creixement, l\u2019adaptaci\u00f3 i la competitivitat.<\/p>\n<p style=\"font-size: 20px;\">En un m\u00f3n laboral en canvi constant, en qu\u00e8 les compet\u00e8ncies i les habilitats que es requereixen evolucionen r\u00e0pidament, la formaci\u00f3 bonificada \u00e9s una soluci\u00f3 ideal per a aquelles empreses que volen mantenir-se a l\u2019avantguarda sense comprometre el seu pressupost.<\/p>\n<\/p><\/div>","protected":false},"excerpt":{"rendered":"<p>&nbsp; La formaci\u00f3 bonificada \u00e9s una eina estrat\u00e8gica fonamental per a qualsevol empresa que cerqui millorar les compet\u00e8ncies del seu equip sense comprometre el seu pressupost. A trav\u00e9s d\u2019aquests ajuts a la formaci\u00f3, que proporciona, principalment, la Fundaci\u00f3 Estatal per a la Formaci\u00f3 en l\u2019Ocupaci\u00f3 (FUNDAE), les empreses poden facilitar el creixement professional dels seus [&hellip;]<\/p>\n","protected":false},"author":2,"featured_media":4515,"comment_status":"open","ping_status":"open","sticky":false,"template":"","format":"standard","meta":{"_acf_changed":false,"footnotes":""},"categories":[63,57],"tags":[],"class_list":["post-4514","post","type-post","status-publish","format-standard","has-post-thumbnail","hentry","category-actualitat","category-blog"],"acf":[],"_links":{"self":[{"href":"https:\/\/testweb.previntegral.com\/es\/wp-json\/wp\/v2\/posts\/4514","targetHints":{"allow":["GET"]}}],"collection":[{"href":"https:\/\/testweb.previntegral.com\/es\/wp-json\/wp\/v2\/posts"}],"about":[{"href":"https:\/\/testweb.previntegral.com\/es\/wp-json\/wp\/v2\/types\/post"}],"author":[{"embeddable":true,"href":"https:\/\/testweb.previntegral.com\/es\/wp-json\/wp\/v2\/users\/2"}],"replies":[{"embeddable":true,"href":"https:\/\/testweb.previntegral.com\/es\/wp-json\/wp\/v2\/comments?post=4514"}],"version-history":[{"count":1,"href":"https:\/\/testweb.previntegral.com\/es\/wp-json\/wp\/v2\/posts\/4514\/revisions"}],"predecessor-version":[{"id":4516,"href":"https:\/\/testweb.previntegral.com\/es\/wp-json\/wp\/v2\/posts\/4514\/revisions\/4516"}],"wp:featuredmedia":[{"embeddable":true,"href":"https:\/\/testweb.previntegral.com\/es\/wp-json\/wp\/v2\/media\/4515"}],"wp:attachment":[{"href":"https:\/\/testweb.previntegral.com\/es\/wp-json\/wp\/v2\/media?parent=4514"}],"wp:term":[{"taxonomy":"category","embeddable":true,"href":"https:\/\/testweb.previntegral.com\/es\/wp-json\/wp\/v2\/categories?post=4514"},{"taxonomy":"post_tag","embeddable":true,"href":"https:\/\/testweb.previntegral.com\/es\/wp-json\/wp\/v2\/tags?post=4514"}],"curies":[{"name":"wp","href":"https:\/\/api.w.org\/{rel}","templated":true}]}}